{"id":1916,"date":"2025-10-01T16:28:09","date_gmt":"2025-10-01T14:28:09","guid":{"rendered":"http:\/\/frechen46.de\/?p=1916"},"modified":"2025-10-01T16:28:09","modified_gmt":"2025-10-01T14:28:09","slug":"46er-teams-mit-licht-und-schatten","status":"publish","type":"post","link":"http:\/\/frechen46.de\/?p=1916","title":{"rendered":"46er-Teams mit Licht und Schatten"},"content":{"rendered":"\n<p>Ein durchwachsenes Spieltagswochenende f\u00fcr die 46er-Teams: <\/p>\n\n\n\n<!--more-->\n\n\n\n<p>W\u00e4hrend die D1-Junioren durch ihren 3:1-Ausw\u00e4rtserfolg beim VfR Stommeln weiterhin die Tabellenspitze ihrer Staffel behaupten, mussten die D2-Junioren in ihrem Heimspiel gegen Viktoria Gruhlwerk etwas ungl\u00fccklich mit 4:5 die erste Saisonniederlage hinnehmen.<\/p>\n\n\n\n<p>Unsere C-Junioren testeten am Samstag, da in der Meisterschaft spielfrei, gegen Viktoria Gruhlwerk f\u00fcr ihr gestriges Kreispokalspiel und gewannen das Freundschaftsspiel deutlich mit 22:0. Nicht ganz so treffsicher, aber trotzdem hoch\u00fcberlegen zeigte sich unser \u00e4ltestes Juniorenteam dann in ihrem Kreispokalspiel gegen den 1. FC Quadrath-Ichendorf; mit einer hervorragenden Mannschaftsleistung konnte man durch einen 11:1-Erfolg ins Achtelfinale einziehen! Herzlichen Gl\u00fcckwusch!<\/p>\n\n\n\n<p>Dagegen mussten sich unsere Senioren nach einer indiskutablen Leistung beim FC H\u00fcrth III v\u00f6llig unn\u00f6tigerweise mit 1:5 geschlagen geben.<\/p>\n\n\n\n<p>Leider war auch der SV Auweiler\/Esch f\u00fcr unsere 46er-Oldies eine zu hohe H\u00fcrde, sodass man eine 0:5-Niederlage kassieren musste.<\/p>\n\n\n\n<p>Unsere F-Junioren hatten am diesem Wochenende spielfrei. Am 04.10. werden unsere Nachwuchskicker aber auch wieder aktiv sein.<\/p>\n","protected":false},"excerpt":{"rendered":"<p>Ein durchwachsenes Spieltagswochenende f\u00fcr die 46er-Teams:<\/p>\n","protected":false},"author":1,"featured_media":1917,"comment_status":"closed","ping_status":"closed","sticky":false,"template":"","format":"standard","meta":[],"categories":[1],"tags":[],"_links":{"self":[{"href":"http:\/\/frechen46.de\/index.php?rest_route=\/wp\/v2\/posts\/1916"}],"collection":[{"href":"http:\/\/frechen46.de\/index.php?rest_route=\/wp\/v2\/posts"}],"about":[{"href":"http:\/\/frechen46.de\/index.php?rest_route=\/wp\/v2\/types\/post"}],"author":[{"embeddable":true,"href":"http:\/\/frechen46.de\/index.php?rest_route=\/wp\/v2\/users\/1"}],"replies":[{"embeddable":true,"href":"http:\/\/frechen46.de\/index.php?rest_route=%2Fwp%2Fv2%2Fcomments&post=1916"}],"version-history":[{"count":1,"href":"http:\/\/frechen46.de\/index.php?rest_route=\/wp\/v2\/posts\/1916\/revisions"}],"predecessor-version":[{"id":1918,"href":"http:\/\/frechen46.de\/index.php?rest_route=\/wp\/v2\/posts\/1916\/revisions\/1918"}],"wp:featuredmedia":[{"embeddable":true,"href":"http:\/\/frechen46.de\/index.php?rest_route=\/wp\/v2\/media\/1917"}],"wp:attachment":[{"href":"http:\/\/frechen46.de\/index.php?rest_route=%2Fwp%2Fv2%2Fmedia&parent=1916"}],"wp:term":[{"taxonomy":"category","embeddable":true,"href":"http:\/\/frechen46.de\/index.php?rest_route=%2Fwp%2Fv2%2Fcategories&post=1916"},{"taxonomy":"post_tag","embeddable":true,"href":"http:\/\/frechen46.de\/index.php?rest_route=%2Fwp%2Fv2%2Ftags&post=1916"}],"curies":[{"name":"wp","href":"https:\/\/api.w.org\/{rel}","templated":true}]}}